{"id":1816,"date":"2026-08-31T08:08:05","date_gmt":"2026-08-31T08:08:05","guid":{"rendered":"https:\/\/consuladopoloniabaleares.com\/?p=1816"},"modified":"2026-08-31T08:08:05","modified_gmt":"2026-08-31T08:08:05","slug":"najblizszy-dyzur-konsularny-w-palmie-na-majorce-odbedzie-sie-28-wrzesnia-2026-r","status":"publish","type":"post","link":"https:\/\/consuladopoloniabaleares.com\/pl\/najblizszy-dyzur-konsularny-w-palmie-na-majorce-odbedzie-sie-28-wrzesnia-2026-r","title":{"rendered":"Najbli\u017cszy dy\u017cur konsularny w Palmie na Majorce odb\u0119dzie si\u0119 28 wrze\u015bnia 2026 r."},"content":{"rendered":"<p>Najbli\u017cszy dy\u017cur konsularny w Palmie na Majorce odb\u0119dzie si\u0119\u00a0<strong>28 wrze\u015bnia 2026 r.<\/strong>\u00a0w Biurze Obs\u0142ugi Klienta Konsulatu Honorowego Rzeczypospolitej Polskiej w Palmie, przy ulicy Carrer Fideus 7, 07001.<\/p>\n<p>Godziny przyjmowania interesant\u00f3w b\u0119d\u0105 obowi\u0105zywa\u0107\u00a0<strong>18 czerwca (czwartek) w godzinach od 10:00 do 18:00<\/strong>. Wnioski o wydanie paszportu b\u0119d\u0105 przyjmowane w tych godzinach. W celu um\u00f3wienia wizyty nale\u017cy skorzysta\u0107 z systemu\u00a0<strong>e-Konsulat<\/strong>. W tym celu nale\u017cy wybra\u0107 konsulat w Barcelonie, nast\u0119pnie wybra\u0107 \u201eSprawy paszportowe\u201d, a nast\u0119pnie lokalizacj\u0119 \u201ePalma de Mallorca \u2013 Godziny przyj\u0119\u0107: 10:00\u201318:15\u201d.<\/p>\n<p>Mo\u017cna r\u00f3wnie\u017c skorzysta\u0107 z poni\u017cszego linku:<\/p>\n<p><a href=\"https:\/\/www.gov.pl\/web\/hiszpania\/dyzur-konsularny-w-palma-de-mallorca-28-wrzesnia-2026-r\">https:\/\/www.gov.pl\/web\/hiszpania\/dyzur-konsularny-w-palma-de-mallorca-28-wrzesnia-2026-r<\/a><\/p>\n<p>Przed wizyt\u0105 prosimy o dok\u0142adne zapoznanie si\u0119 z informacjami dotycz\u0105cymi paszport\u00f3w, w tym z wysoko\u015bci\u0105 op\u0142at oraz wymaganymi dokumentami.<\/p>\n<p>Nale\u017cy pami\u0119ta\u0107 o zabraniu\u00a0<strong>aktualnej fotografii biometrycznej w kolorze, o wymiarach 3,5 \u00d7 4,5 cm<\/strong>, na kt\u00f3rej twarz zajmuje od 70% do 80% powierzchni zdj\u0119cia. Na wskazanej stronie wyja\u015bniono, jak powinno wygl\u0105da\u0107 zdj\u0119cie. Instrukcje dla fotografa mo\u017cna pobra\u0107 tutaj.<\/p>\n<p><strong>Pami\u0119taj!<\/strong>\u00a0Przy sk\u0142adaniu wniosku nale\u017cy przynie\u015b\u0107\u00a0<strong>wa\u017cny paszport (lub paszport tymczasowy, w zale\u017cno\u015bci od sytuacji), nawet je\u015bli utraci\u0142 ju\u017c wa\u017cno\u015b\u0107.<\/strong><\/p>\n<p>&nbsp;<\/p>\n<p>&nbsp;<\/p>\n<p>&nbsp;<\/p>\n","protected":false},"excerpt":{"rendered":"<p>Najbli\u017cszy dy\u017cur konsularny w Palmie na Majorce odb\u0119dzie si\u0119\u00a028 wrze\u015bnia 2026 r.\u00a0w Biurze Obs\u0142ugi Klienta Konsulatu Honorowego Rzeczypospolitej Polskiej w Palmie, przy ulicy Carrer Fideus&#8230;<\/p>\n","protected":false},"author":2,"featured_media":1804,"comment_status":"closed","ping_status":"closed","sticky":false,"template":"","format":"standard","meta":{"footnotes":""},"categories":[4],"tags":[],"class_list":["post-1816","post","type-post","status-publish","format-standard","has-post-thumbnail","category-bez-kategorii"],"_links":{"self":[{"href":"https:\/\/consuladopoloniabaleares.com\/pl\/wp-json\/wp\/v2\/posts\/1816","targetHints":{"allow":["GET"]}}],"collection":[{"href":"https:\/\/consuladopoloniabaleares.com\/pl\/wp-json\/wp\/v2\/posts"}],"about":[{"href":"https:\/\/consuladopoloniabaleares.com\/pl\/wp-json\/wp\/v2\/types\/post"}],"author":[{"embeddable":true,"href":"https:\/\/consuladopoloniabaleares.com\/pl\/wp-json\/wp\/v2\/users\/2"}],"replies":[{"embeddable":true,"href":"https:\/\/consuladopoloniabaleares.com\/pl\/wp-json\/wp\/v2\/comments?post=1816"}],"version-history":[{"count":2,"href":"https:\/\/consuladopoloniabaleares.com\/pl\/wp-json\/wp\/v2\/posts\/1816\/revisions"}],"predecessor-version":[{"id":1818,"href":"https:\/\/consuladopoloniabaleares.com\/pl\/wp-json\/wp\/v2\/posts\/1816\/revisions\/1818"}],"wp:featuredmedia":[{"embeddable":true,"href":"https:\/\/consuladopoloniabaleares.com\/pl\/wp-json\/wp\/v2\/media\/1804"}],"wp:attachment":[{"href":"https:\/\/consuladopoloniabaleares.com\/pl\/wp-json\/wp\/v2\/media?parent=1816"}],"wp:term":[{"taxonomy":"category","embeddable":true,"href":"https:\/\/consuladopoloniabaleares.com\/pl\/wp-json\/wp\/v2\/categories?post=1816"},{"taxonomy":"post_tag","embeddable":true,"href":"https:\/\/consuladopoloniabaleares.com\/pl\/wp-json\/wp\/v2\/tags?post=1816"}],"curies":[{"name":"wp","href":"https:\/\/api.w.org\/{rel}","templated":true}]}}